{"id":8280,"date":"2026-04-13T12:06:37","date_gmt":"2026-04-13T15:06:37","guid":{"rendered":"https:\/\/abics.com.br\/?p=8280"},"modified":"2026-04-30T12:24:42","modified_gmt":"2026-04-30T15:24:42","slug":"brasil-vendeu-us-700-milhoes-a-ue-em-produtos-do-agro-com-isencao-imediata","status":"publish","type":"post","link":"https:\/\/abics.com.br\/es\/brasil-vendeu-us-700-milhoes-a-ue-em-produtos-do-agro-com-isencao-imediata\/","title":{"rendered":"Brasil vendeu US$ 700 milh\u00f5es \u00e0 UE em produtos do agro com isen\u00e7\u00e3o imediata"},"content":{"rendered":"\n<p>Em 1\u00ba de maio, quando acordo provis\u00f3rio com Mercosul entrar em vigor, bloco europeu vai zerar as tarifas sobre itens como \u00f3leo de soja e derivados de couro<br><br><strong><a href=\"https:\/\/globorural.globo.com\/agricultura\/noticia\/2026\/04\/brasil-vendeu-us-700-milhoes-a-ue-em-produtos-do-agro-com-isencao-imediata.ghtml\" data-type=\"link\" data-id=\"https:\/\/globorural.globo.com\/agricultura\/noticia\/2026\/04\/brasil-vendeu-us-700-milhoes-a-ue-em-produtos-do-agro-com-isencao-imediata.ghtml\" target=\"_blank\" rel=\"noreferrer noopener\">Por Nayara Figueiredo \u2014 Globo Rural<\/a><\/strong><\/p>\n\n\n\n<p>O acordo comercial provis\u00f3rio entre o Mercosul e da Uni\u00e3o Europeia (UE), previsto para entrar em vigor em 1 de maio, representa uma oportunidade de expans\u00e3o gradativa das exporta\u00e7\u00f5es do agroneg\u00f3cio \u2014 e os primeiros itens a se beneficiar das novas regras ser\u00e3o os produtos de valor agregado da agroind\u00fastria, como o&nbsp;<a class=\"\" href=\"https:\/\/globorural.globo.com\/tudo-sobre\/mercado\/oleo-de-soja\/\">\u00f3leo de soja<\/a>. Segundo c\u00e1lculo do Insper Agro Global, o Brasil exportou ao bloco europeu o equivalente a cerca de US$ 700 milh\u00f5es em produtos agropecu\u00e1rios que ter\u00e3o isen\u00e7\u00e3o imediata.<\/p>\n\n\n\n<p>Ao todo, o&nbsp;agroneg\u00f3cio brasileiro exportou US$ 170 bilh\u00f5es em 2025, sendo cerca de US$ 25 bilh\u00f5es para a Uni\u00e3o Europeia. Bruno Capuzzi, pesquisador do Insper Agro Global, estima que US$ 17 bilh\u00f5es em produtos que o Brasil vendeu aos europeus j\u00e1 s\u00e3o isentos de tarifas, como \u00e9 o caso da&nbsp;<a class=\"\" href=\"https:\/\/globorural.globo.com\/tudo-sobre\/agricultura\/soja\/\">soja<\/a>&nbsp;em gr\u00e3o e do&nbsp;<a class=\"\" href=\"https:\/\/globorural.globo.com\/tudo-sobre\/agricultura\/cafe\/\">caf\u00e9<\/a>&nbsp;verde.<\/p>\n\n\n\n<p>\u201cSobram US$ 8 bilh\u00f5es em produtos do agroneg\u00f3cio que ser\u00e3o beneficiados pelo acordo entre Uni\u00e3o Europeia e Mercosul, a maioria com redu\u00e7\u00e3o de taxas (no per\u00edodo) entre quatro e dez anos. Mas, desse total, cerca de US$ 700 milh\u00f5es ter\u00e3o desgrava\u00e7\u00e3o tarif\u00e1ria imediata, ou seja, ficar\u00e3o isentos assim que o acordo come\u00e7ar\u201d, diz o especialista.<\/p>\n\n\n\n<p>Al\u00e9m do \u00f3leo de soja, ficar\u00e3o isentos produtos como derivados de couro, vinagres, prote\u00ednas de farelo de osso e vinhos, entre outros, afirma Capuzzi. Itens como caf\u00e9 sol\u00favel e carnes bovina e de frango, por exemplo, ter\u00e3o redu\u00e7\u00e3o gradativa das tarifas. Todas as mudan\u00e7as valer\u00e3o para todos os pa\u00eds que integram o Mercosul, e n\u00e3o somente o Brasil.<\/p>\n\n\n\n<p>\u201cAinda n\u00e3o sabemos como vai se comportar a demanda, mas o potencial incremento de embarques pode representar uma margem melhor para o produtor rural, sim\u201d, avalia o pesquisador.<\/p>\n\n\n\n<p>O diretor de economia e assuntos regulat\u00f3rios da Associa\u00e7\u00e3o Brasileira das Ind\u00fastrias de \u00d3leos Vegetais (Abiove), Daniel Amaral, disse que ao Valor que, atualmente, as al\u00edquotas sobre o \u00f3leo de soja ficam entre 3,2% e 9,6%, a depender da finalidade do produto (uso industrial ou alimenta\u00e7\u00e3o humana) e de seu grau de processamento (bruto ou refinado). O farelo do gr\u00e3o j\u00e1 \u00e9 isento.<\/p>\n\n\n\n<p>\u201cCom a implementa\u00e7\u00e3o do acordo Mercosul-Uni\u00e3o Europeia, as tarifas (que incidem sobre) o \u00f3leo de soja bruto ser\u00e3o zeradas, enquanto as al\u00edquotas para os demais tipos de \u00f3leos ser\u00e3o reduzidas para 4%. Essa desonera\u00e7\u00e3o representa um avan\u00e7o significativo para o acesso do produto brasileiro ao mercado europeu\u201d, avalia.<\/p>\n\n\n\n<p>A expectativa \u00e9 que a redu\u00e7\u00e3o tarif\u00e1ria tamb\u00e9m atraia novos investimentos para toda a cadeia produtiva da soja. Entretanto, a Abiove estima que os ganhos mais expressivos ocorrer\u00e3o no longo prazo, e n\u00e3o necessariamente com uma altera\u00e7\u00e3o brusca dos volumes de exporta\u00e7\u00e3o ainda neste ano.<\/p>\n\n\n\n<figure class=\"wp-block-image size-full\"><img fetchpriority=\"high\" decoding=\"async\" width=\"888\" height=\"592\" src=\"https:\/\/abics.com.br\/wp-content\/uploads\/2026\/04\/image-1.png\" alt=\"\" class=\"wp-image-8281\" srcset=\"https:\/\/abics.com.br\/wp-content\/uploads\/2026\/04\/image-1.png 888w, https:\/\/abics.com.br\/wp-content\/uploads\/2026\/04\/image-1-300x200.png 300w, https:\/\/abics.com.br\/wp-content\/uploads\/2026\/04\/image-1-768x512.png 768w, https:\/\/abics.com.br\/wp-content\/uploads\/2026\/04\/image-1-600x400.png 600w\" sizes=\"(max-width: 888px) 100vw, 888px\" \/><figcaption class=\"wp-element-caption\"><em>\u201cEssa desonera\u00e7\u00e3o \u00e9 um avan\u00e7o significativo para o acesso do produto brasileiro \u00e0 UE\u201d, diz Daniel Amaral \u2014 Foto: Pixabay<\/em><\/figcaption><\/figure>\n\n\n\n<p><strong>Taxas sobre o caf\u00e9<br><\/strong>O Conselho dos Exportadores de Caf\u00e9 do Brasil (Cecaf\u00e9) ressalta que o acordo traz a desgrava\u00e7\u00e3o anual das tarifas sobre os caf\u00e9s sol\u00faveis e torrado e torrado e mo\u00eddo do Brasil para entrar no bloco europeu, at\u00e9 chegar a zero em quatro anos. Isso permitir\u00e1 ao Brasil ampliar \u201csua competitividade na Uni\u00e3o Europeia e, muito provavelmente, ampliar as exporta\u00e7\u00f5es desses produtos para l\u00e1, principalmente do sol\u00favel\u201d, diz a entidade.<\/p>\n\n\n\n<p>O acordo, no caso do caf\u00e9 sol\u00favel, ganha ainda mais relev\u00e2ncia, uma vez que a UE \u00e9 o segundo maior comprador do produto brasileiro \u2014 atr\u00e1s apenas dos EUA, observa Aguinaldo Lima, diretor de rela\u00e7\u00f5es institucionais da Associa\u00e7\u00e3o Brasileira da Ind\u00fastria de Caf\u00e9 Sol\u00favel (Abics). A tarifa para o embarque do sol\u00favel sair\u00e1 de 7,20% em 2026 para zero em 2030.<\/p>\n\n\n\n<blockquote class=\"wp-block-quote is-layout-flow wp-block-quote-is-layout-flow\">\n<p><strong>\u201cJ\u00e1 vemos a demanda mais aquecida. No come\u00e7o do ano, os clientes europeus j\u00e1 estavam nos consultando sobre negocia\u00e7\u00f5es para depois do in\u00edcio do acordo com a UE\u201d, relata o executivo.<\/strong><\/p>\n<\/blockquote>\n\n\n\n<p>Nesse momento, outro fator que eleva a competitividade do caf\u00e9 brasileiro, sobretudo o robusta, \u00e9 o impacto do conflito no Oriente M\u00e9dio sobre o Vietn\u00e3, o principal concorrente do Brasil no mercado europeu. \u201cAs rotas podem acabar sendo alteradas (pela guerra) para o produto do Vietn\u00e3 que iria aos europeus, favorecendo o Brasil\u201d, afirma o diretor da Abics.<\/p>\n\n\n\n<p><strong>Cota para as carnes<\/strong><br>No segmento de carnes, assim que o acordo entrar em vigor, com licen\u00e7as e certificados de uso da cota estabelecidos, o&nbsp;Mercosul ter\u00e1 uma cota de 15 mil toneladas de carne de frango com osso e 15 mil sem osso isentas de tarifas, de acordo com a Associa\u00e7\u00e3o Brasileira de Prote\u00edna Animal (ABPA).<\/p>\n\n\n\n<p>O presidente da entidade, Ricardo Santin, lembra que o volume da cota com isen\u00e7\u00e3o vai aumentar gradativamente por seis anos, at\u00e9 chegar a 90 mil toneladas de frango com osso e 90 mil sem osso. \u201cO quanto o Brasil vai ter da cota, estamos conversando entre os pa\u00edses. E o Brasil tem a tend\u00eancia de ser quem vai ter o maior benef\u00edcio (em volume)\u201d, afirma Santin. \u201c(A UE) \u00e9 um mercado com boa precifica\u00e7\u00e3o e isso ajuda as margens das empresas. O que n\u00e3o se sabe ainda \u00e9 o tamanho do benef\u00edcio\u201d.<\/p>\n\n\n\n<p>No caso da carne bovina, a expectativa do segmento \u00e9 que o acordo leve a um crescimento gradual e moderado, de cerca de 5% ao ano, das vendas brasileiras \u00e0 Europa, segundo o presidente da Associa\u00e7\u00e3o Brasileira das Ind\u00fastrias Exportadoras de Carnes (Abiec), Roberto Perosa.<\/p>\n\n\n\n<p>\u201cO acordo Mercosul-Uni\u00e3o Europeia \u00e9 positivo para a carne bovina brasileira, principalmente por melhorar as condi\u00e7\u00f5es de acesso a um mercado que remunera melhor, com foco em cortes de maior valor agregado, como os do traseiro, j\u00e1 exportados para pa\u00edses como It\u00e1lia, Espanha, Alemanha e Pa\u00edses Baixos\u201d, diz.<\/p>\n\n\n\n<p>Na cota Hilton, Perosa afirma que a retirada da tarifa de 20% tende a aumentar a competitividade e facilitar o preenchimento integral desse volume. \u201cJ\u00e1 a nova cota de 99 mil toneladas ser\u00e1 dividida entre os pa\u00edses do Mercosul, de forma escalonada ao longo de cinco anos. Ainda assim, \u00e9 importante destacar que isso n\u00e3o representa um aumento autom\u00e1tico nas exporta\u00e7\u00f5es, porque parte desse volume j\u00e1 \u00e9 comercializado hoje e passar\u00e1 apenas a ter uma condi\u00e7\u00e3o tarif\u00e1ria mais favor\u00e1vel\u201d, acrescenta.<\/p>\n","protected":false},"excerpt":{"rendered":"<p>Em 1\u00ba de maio, quando acordo provis\u00f3rio com Mercosul entrar em vigor, bloco europeu vai zerar as tarifas sobre itens como \u00f3leo de soja e derivados de couro Por Nayara Figueiredo \u2014 Globo Rural O acordo comercial provis\u00f3rio entre o Mercosul e da Uni\u00e3o Europeia (UE), previsto para entrar em vigor em 1 de maio, [&hellip;]<\/p>\n","protected":false},"author":3,"featured_media":8281,"comment_status":"open","ping_status":"open","sticky":false,"template":"","format":"standard","meta":{"footnotes":""},"categories":[7],"tags":[],"class_list":["post-8280","post","type-post","status-publish","format-standard","has-post-thumbnail","hentry","category-noticias"],"_links":{"self":[{"href":"https:\/\/abics.com.br\/es\/wp-json\/wp\/v2\/posts\/8280"}],"collection":[{"href":"https:\/\/abics.com.br\/es\/wp-json\/wp\/v2\/posts"}],"about":[{"href":"https:\/\/abics.com.br\/es\/wp-json\/wp\/v2\/types\/post"}],"author":[{"embeddable":true,"href":"https:\/\/abics.com.br\/es\/wp-json\/wp\/v2\/users\/3"}],"replies":[{"embeddable":true,"href":"https:\/\/abics.com.br\/es\/wp-json\/wp\/v2\/comments?post=8280"}],"version-history":[{"count":3,"href":"https:\/\/abics.com.br\/es\/wp-json\/wp\/v2\/posts\/8280\/revisions"}],"predecessor-version":[{"id":8301,"href":"https:\/\/abics.com.br\/es\/wp-json\/wp\/v2\/posts\/8280\/revisions\/8301"}],"wp:featuredmedia":[{"embeddable":true,"href":"https:\/\/abics.com.br\/es\/wp-json\/wp\/v2\/media\/8281"}],"wp:attachment":[{"href":"https:\/\/abics.com.br\/es\/wp-json\/wp\/v2\/media?parent=8280"}],"wp:term":[{"taxonomy":"category","embeddable":true,"href":"https:\/\/abics.com.br\/es\/wp-json\/wp\/v2\/categories?post=8280"},{"taxonomy":"post_tag","embeddable":true,"href":"https:\/\/abics.com.br\/es\/wp-json\/wp\/v2\/tags?post=8280"}],"curies":[{"name":"wp","href":"https:\/\/api.w.org\/{rel}","templated":true}]}}