{"id":8274,"date":"2026-04-12T11:53:47","date_gmt":"2026-04-12T14:53:47","guid":{"rendered":"https:\/\/abics.com.br\/?p=8274"},"modified":"2026-04-30T12:25:51","modified_gmt":"2026-04-30T15:25:51","slug":"como-a-industria-do-cafe-sente-o-acordo-mercosul-ue","status":"publish","type":"post","link":"https:\/\/abics.com.br\/es\/como-a-industria-do-cafe-sente-o-acordo-mercosul-ue\/","title":{"rendered":"Como a ind\u00fastria do caf\u00e9 sente o Acordo Mercosul-UE"},"content":{"rendered":"\n<p class=\"has-text-align-center\"><em>Produtos de maior valor agregado ter\u00e3o redu\u00e7\u00e3o de tarifas mais lenta que caf\u00e9 verde e itens b\u00e1sicos<\/em><\/p>\n\n\n\n<p><a href=\"https:\/\/amadomundo.com\/o-gosto-amargo-que-a-industria-do-cafe-sente-no-acordo-mercosul-ue\/\" target=\"_blank\" rel=\"noreferrer noopener\">por&nbsp;<strong>Gustavo Silva<\/strong> &#8211; AMADO MUNDO<\/a><\/p>\n\n\n\n<p>Para a ind\u00fastria brasileira de caf\u00e9, o acordo entre Mercosul e Uni\u00e3o Europeia \u00e9 um avan\u00e7o enorme na abertura do mercado europeu, mas deixa um \u201cgosto amargo\u201d no segmento em que o setor mais tenta conquistar espa\u00e7o: o de maior valor agregado.<\/p>\n\n\n\n<p>Levantamento da Associa\u00e7\u00e3o Brasileira da Ind\u00fastria de Caf\u00e9 Sol\u00favel (Abics) mostra que extratos e concentrados, base do sol\u00favel, hoje taxados em 9%, ter\u00e3o a tarifa zerada em quatro anos. J\u00e1 as prepara\u00e7\u00f5es \u00e0 base desses extratos, com al\u00edquota de 11,5%, s\u00f3 chegam a zero no s\u00e9timo ano. Produtos mais elaborados, como misturas com a\u00e7\u00facar, seguem com componentes de taxa\u00e7\u00e3o por at\u00e9 uma d\u00e9cada. Na outra ponta, o caf\u00e9 verde, principal item exportado pelo Brasil, j\u00e1 entra na Europa com tarifa zero, e itens menos processados dentro da cadeia t\u00eam liberaliza\u00e7\u00e3o mais r\u00e1pida.<\/p>\n\n\n\n<p>Para representantes do setor ouvidos pela coluna, a abertura amplia o potencial de exporta\u00e7\u00e3o, mas n\u00e3o muda, no curto prazo, a posi\u00e7\u00e3o dos produtos mais elaborados, que seguem sujeitos a prazos mais longos e condi\u00e7\u00f5es espec\u00edficas de acesso.<\/p>\n\n\n\n<p>Em 2025, a Uni\u00e3o Europeia foi o segundo principal destino do caf\u00e9 sol\u00favel brasileiro, com 642 mil sacas exportadas e cerca de R$ 910 milh\u00f5es em receita, segundo a Abics. A entidade projeta crescimento superior a 35% nos embarques ao bloco em cinco anos, \u00e0 medida que as tarifas forem sendo reduzidas.<\/p>\n\n\n\n<div class=\"wp-block-cover\"><span aria-hidden=\"true\" class=\"wp-block-cover__background has-background-dim\"><\/span><img fetchpriority=\"high\" decoding=\"async\" width=\"1024\" height=\"576\" class=\"wp-block-cover__image-background wp-image-8275\" alt=\"\" src=\"https:\/\/abics.com.br\/wp-content\/uploads\/2026\/04\/image-1024x576.png\" data-object-fit=\"cover\" srcset=\"https:\/\/abics.com.br\/wp-content\/uploads\/2026\/04\/image-1024x576.png 1024w, https:\/\/abics.com.br\/wp-content\/uploads\/2026\/04\/image-300x169.png 300w, https:\/\/abics.com.br\/wp-content\/uploads\/2026\/04\/image-768x432.png 768w, https:\/\/abics.com.br\/wp-content\/uploads\/2026\/04\/image-600x338.png 600w, https:\/\/abics.com.br\/wp-content\/uploads\/2026\/04\/image.png 1536w\" sizes=\"(max-width: 1024px) 100vw, 1024px\" \/><div class=\"wp-block-cover__inner-container is-layout-flow wp-block-cover-is-layout-flow\">\n<p class=\"has-text-align-center has-large-font-size\">\u00a9 TV Brasil\/Caminhos da Reportagem<\/p>\n<\/div><\/div>\n","protected":false},"excerpt":{"rendered":"<p>Produtos de maior valor agregado ter\u00e3o redu\u00e7\u00e3o de tarifas mais lenta que caf\u00e9 verde e itens b\u00e1sicos por&nbsp;Gustavo Silva &#8211; AMADO MUNDO Para a ind\u00fastria brasileira de caf\u00e9, o acordo entre Mercosul e Uni\u00e3o Europeia \u00e9 um avan\u00e7o enorme na abertura do mercado europeu, mas deixa um \u201cgosto amargo\u201d no segmento em que o setor [&hellip;]<\/p>\n","protected":false},"author":3,"featured_media":8275,"comment_status":"open","ping_status":"open","sticky":false,"template":"","format":"standard","meta":{"footnotes":""},"categories":[7],"tags":[],"class_list":["post-8274","post","type-post","status-publish","format-standard","has-post-thumbnail","hentry","category-noticias"],"_links":{"self":[{"href":"https:\/\/abics.com.br\/es\/wp-json\/wp\/v2\/posts\/8274"}],"collection":[{"href":"https:\/\/abics.com.br\/es\/wp-json\/wp\/v2\/posts"}],"about":[{"href":"https:\/\/abics.com.br\/es\/wp-json\/wp\/v2\/types\/post"}],"author":[{"embeddable":true,"href":"https:\/\/abics.com.br\/es\/wp-json\/wp\/v2\/users\/3"}],"replies":[{"embeddable":true,"href":"https:\/\/abics.com.br\/es\/wp-json\/wp\/v2\/comments?post=8274"}],"version-history":[{"count":2,"href":"https:\/\/abics.com.br\/es\/wp-json\/wp\/v2\/posts\/8274\/revisions"}],"predecessor-version":[{"id":8302,"href":"https:\/\/abics.com.br\/es\/wp-json\/wp\/v2\/posts\/8274\/revisions\/8302"}],"wp:featuredmedia":[{"embeddable":true,"href":"https:\/\/abics.com.br\/es\/wp-json\/wp\/v2\/media\/8275"}],"wp:attachment":[{"href":"https:\/\/abics.com.br\/es\/wp-json\/wp\/v2\/media?parent=8274"}],"wp:term":[{"taxonomy":"category","embeddable":true,"href":"https:\/\/abics.com.br\/es\/wp-json\/wp\/v2\/categories?post=8274"},{"taxonomy":"post_tag","embeddable":true,"href":"https:\/\/abics.com.br\/es\/wp-json\/wp\/v2\/tags?post=8274"}],"curies":[{"name":"wp","href":"https:\/\/api.w.org\/{rel}","templated":true}]}}